{"provider_url": "https://www.arinos.mg.leg.br", "title": "Acesso", "html": "<p style=\"text-align: justify; \">E<strong>ndere\u00e7o:</strong></p>\r\n<p style=\"text-align: justify; \"><span>Rua Professor Benevides, n\u00ba 385, Arinos - MG</span></p>\r\n<p style=\"text-align: justify; \"><strong>Hor\u00e1rios de atendimento:\u00a0</strong></p>\r\n<p style=\"text-align: justify; \">Segunda-feira a sexta-feira, das 07h \u00e0s 13h.</p>\r\n<p style=\"text-align: justify; \"><strong>Telefone:</strong></p>\r\n<p style=\"text-align: justify; \">(38)3635-1347</p>\r\n<p style=\"text-align: justify; \"><strong>Sess\u00f5es Ordin\u00e1rias:</strong></p>\r\n<p style=\"text-align: justify; \">As sess\u00f5es ordin\u00e1rias iniciar\u00e3o a partir do m\u00eas de fevereiro de 2025, \u00e0s segundas-feiras, 19h, presencialmente, no plen\u00e1rio da C\u00e2mara Municipal e com transmiss\u00e3o ao vivo pela r\u00e1dio Veredas - 96,7.</p>\r\n<p style=\"text-align: justify; \"><strong>M\u00eddias sociais:</strong></p>\r\n<p style=\"text-align: justify; \"><em><strong>Instagram: </strong></em></p>\r\n<p style=\"text-align: justify; \">@camaraarinos.mg<span>\u00a0</span></p>\r\n<p style=\"text-align: justify; \"><strong>E-mail: </strong></p>\r\n<p style=\"text-align: justify; \"><strong></strong>camara@arinos.mg.leg.br</p>\r\n<p style=\"text-align: justify; \"><strong>Localiza\u00e7\u00e3o</strong></p>\r\n<p><iframe src=\"https://www.google.com/maps/embed?pb=!1m18!1m12!1m3!1d3222.3498781837457!2d-46.109453024867264!3d-15.9172150847405!2m3!1f0!2f0!3f0!3m2!1i1024!2i768!4f13.1!3m3!1m2!1s0x935424691a5181a5%3A0xcd2143a1e00bd03a!2sC%C3%A2mara%20Municipal%20de%20Arinos!5e1!3m2!1spt-BR!2sbr!4v1726487541916!5m2!1spt-BR!2sbr\" width=\"600\" height=\"450\" allowfullscreen=\"\" style=\"\"></iframe></p>", "author_name": "Interlegis", "version": "1.0", "author_url": "https://www.arinos.mg.leg.br/author/Interlegis", "provider_name": "C\u00e2mara Municipal ", "type": "rich"}