{"provider_url": "https://www.arinos.mg.leg.br", "title": "Posse do vereador e presidente D\u00e3o Santana", "html": "<p style=\"text-align: justify; \">O vereador D\u00e3o Santana tomou posse e, durante a elei\u00e7\u00e3o da mesa diretora para o mandato de 2025 a 2026, foi eleito tamb\u00e9m como presidente da C\u00e2mara Municipal.</p>", "author_name": "Interlegis", "version": "1.0", "author_url": "https://www.arinos.mg.leg.br/author/Interlegis", "provider_name": "C\u00e2mara Municipal ", "type": "rich"}